{"id":3284,"date":"2023-11-09T20:22:45","date_gmt":"2023-11-09T20:22:45","guid":{"rendered":"https:\/\/www.st-franziskus-schwarzenbach-saale.de\/?p=3284"},"modified":"2025-04-21T17:17:15","modified_gmt":"2025-04-21T17:17:15","slug":"predigt-allerheiligen-a","status":"publish","type":"post","link":"https:\/\/www.st-franziskus-schwarzenbach-saale.de\/?p=3284","title":{"rendered":"PREDIGT ALLERHEILIGEN (A)"},"content":{"rendered":"\n<p style=\"text-align: center;\"><strong>Offb 7,2-4.9-14 + Mt 5,1-12a<\/strong><\/p>\n<p>Liebe Schwestern und Br\u00fcder, liebe Kinder, liebe Jugendliche! All Hallows&#8216; Eve, der Abend vor Allerheiligen, von dieser Bezeichnung ist Halloween abgeleitet, geh\u00f6rt untrennbar zum heutigen Hochfest dazu \u2013 wie der Heiligabend zu Weihnachten. Das Fest Allerheiligen gibt es in der katholischen Kirche seit dem 8. Jahrhundert. Christinnen und Christen gedenken der vielen bekannten heiligen Frauen und M\u00e4nner und auch der vielen namenlosen Heiligen, die nur Gott kennt \u2013 Menschen, die ganz unauff\u00e4llig mitten unter uns gelebt haben. Viele denken bei Halloween an gruselige, furchteinfl\u00f6\u00dfende verkleideten Gestalten und sind solchen vielleicht auch gestern begegnet. Allerheiligen und Halloween \u2013 wie geht das zusammen?<br \/>Die Wurzeln von Halloween liegen im Unklaren, im Dunkeln; allen Hypothesen gemeinsam sind Verbindungen zu au\u00dferchristlichen Totenfesten \u2013 es geht um die Sterblichkeit und Erl\u00f6sungsbed\u00fcrftigkeit des Menschen. Alle Religionen suchen Antworten auf diese existentiellen Fragen \u2013 auch das Christentum. Halloween, der Vorabend von Allerheiligen, wurde besonders in katholisch gebliebenen Gebieten in Gro\u00dfbritannien und in Irland gefeiert. Einer Sage gem\u00e4\u00df lebte dort der B\u00f6sewicht Jack Oldfield. Er \u00fcberlistete den Teufel und kam nicht in den Himmel, aber auch nicht in die H\u00f6lle, sondern lebte weiter auf Erden \u2013 erinnert mich an den Brandner Kaspar. F\u00fcr seinen Weg durch die Dunkelheit auf Erden und zur Abwehr der b\u00f6sen Geister bekam Jack Oldfield ein Licht in einer R\u00fcbe, einer Art K\u00fcrbis \u2026.<br \/>Und was hat das jetzt mit dem katholischen Hochfest Allerheiligen und dem darauffolgenden Allerseelentag zu tun? Ich finde sehr viel!<br \/>Mit irischen Auswanderern kam Halloween in die USA und von dort als zum Gruselfest mutierter Re-Import zur\u00fcck. Ob man an b\u00f6se Geister glaubt oder nicht, eines ist klar: Das B\u00f6se in der Welt ist nicht wegzuleugnen \u2013 es ist existent! Wenn Menschen ihre H\u00e4user gruselig schm\u00fccken, machen sie das sichtbar, und wenn sie verkleidet umherziehen, bekennen sie letztendlich: Das B\u00f6se spukt mitten unter uns \u2013 Unrecht und Unfriede, Armut und Hunger, die nicht sein m\u00fcssten, Lieblosigkeit, Hass, Neid und Streit, Terror, Gewalt und Trauer (vgl. Mt 5,3-10) \u2013 wirklich zum F\u00fcrchten. Unsere Welt und auch wir sind erl\u00f6sungsbed\u00fcrftig. Wir brauchen \u201eLicht\u201c f\u00fcr unse-ren Weg durch diese als d\u00fcster und be\u00e4ngstigend wahrgenommene Zeit \u2013 viele Jugendliche haben Zukunfts\u00e4ngste, ergab k\u00fcrzlich eine Umfrage.<br \/>Wir brauchen \u201eLicht\u201c f\u00fcr unseren Weg \u2013 \u201eLicht\u201c, welches uns vom heutigen Hochfest Allerheiligen leuchtet: Es ist das Licht der Hoffnung, Licht, das vom auferstandenen Christus kommt. ER scheint hinein in die Erl\u00f6sungsbed\u00fcrftigkeit unseres Lebens und unserer Zeit. Auch die Lich-ter auf den Gr\u00e4bern unserer Verstorbenen, derer wir beim Besuch der Friedh\u00f6fe gedenken, sind Lichter dieser \u00f6sterlichen Hoffnung.<br \/>Die Heiligen sind schon im Licht bei Jesus Christus. Sie haben durch ihr vorbildliches Leben aus dem Glauben wegweisendes Licht f\u00fcr andere Menschen verbreitet. Jesus Christus war ihr Licht auch im Leben. Sie selbst waren wie eine Glasscheibe, durch die Jesus Christus, die Mensch gewordene Liebe Gottes, hineinleuchtetet in diese Welt \u2013 durchsichtig auf Gott hin. Das Leben der Heiligen war \u201ebesiegelt\u201c (vgl. Offb 7,2-4) \u2013 sie geh\u00f6rten zu Jesus Christus. Sie waren besiegelt durch die Taufe \u2013 hineingetauft in Leben, Tod und Auferstehung Jesu Christi. Berufen zu einem Leben aus dem Glauben, zu einem Leben, das mit dem Tod nicht endet, sondern hin\u00fcberf\u00fchrt zum ewigen Leben \u2013 zum Licht und zur Freude in Jesus Christus.<br \/>Die Heiligen waren S\u00fcnder, nicht alles war makellos \u2013 wie auch bei uns und unseren Verstorbenen. Sie waren und wir sind erl\u00f6sungsbed\u00fcrftig. Wir brauchen keine Angst zu haben \u2013 die hat uns leider \u00fcber Jahrhunderte die Kirche mit dem Fegefeuer gemacht. Auch hier will ich \u201eLicht\u201c ins Dunkel bringen: Das Fegefeuer ist kein Ort der Strafe, sondern ein Ort der Hoffnung; ein Ort, der in der Begegnung mit Christus himmelf\u00e4hig macht, wo das Schlechte, S\u00fcndhafte und B\u00f6se weggebrannt wird wie mit einem Desinfektionsmittel bei einer Wunde\/Verletzung: Es brennt zwar, aber es dient der Heilwerdung und Heil(ig)ung \u2013 oder mit den Worten der Lesung: \u201esie haben ihre [d\u00fcsteren und gruseligen] Gew\u00e4nder gewaschen und im Blut des Lammes wei\u00df gemacht\u201c (Offb 7,14). Das Strahlen des Allerheiligenfestes, die Leuchtkraft der Heiligen und das \u00f6sterliche Licht des Auferstandenen weisen uns und den Weg zum Ziel: zum Leben in Jesus Christus. AMEN.<\/p>\n","protected":false},"excerpt":{"rendered":"<p>Offb 7,2-4.9-14 + Mt 5,1-12a Liebe Schwestern und Br\u00fcder, liebe Kinder, liebe Jugendliche! All Hallows&#8216; Eve, der Abend vor Allerheiligen, von dieser Bezeichnung ist Halloween abgeleitet, geh\u00f6rt untrennbar zum heutigen Hochfest dazu \u2013 wie der Heiligabend zu Weihnachten. Das Fest Allerheiligen gibt es in der katholischen Kirche seit dem 8. Jahrhundert. Christinnen und Christen gedenken [&hellip;]<\/p>\n","protected":false},"author":1,"featured_media":2695,"comment_status":"closed","ping_status":"closed","sticky":false,"template":"","format":"standard","meta":{"footnotes":""},"categories":[36,32],"tags":[],"class_list":["post-3284","post","type-post","status-publish","format-standard","has-post-thumbnail","hentry","category-36","category-evangelium-predigten"],"_links":{"self":[{"href":"https:\/\/www.st-franziskus-schwarzenbach-saale.de\/index.php?rest_route=\/wp\/v2\/posts\/3284","targetHints":{"allow":["GET"]}}],"collection":[{"href":"https:\/\/www.st-franziskus-schwarzenbach-saale.de\/index.php?rest_route=\/wp\/v2\/posts"}],"about":[{"href":"https:\/\/www.st-franziskus-schwarzenbach-saale.de\/index.php?rest_route=\/wp\/v2\/types\/post"}],"author":[{"embeddable":true,"href":"https:\/\/www.st-franziskus-schwarzenbach-saale.de\/index.php?rest_route=\/wp\/v2\/users\/1"}],"replies":[{"embeddable":true,"href":"https:\/\/www.st-franziskus-schwarzenbach-saale.de\/index.php?rest_route=%2Fwp%2Fv2%2Fcomments&post=3284"}],"version-history":[{"count":1,"href":"https:\/\/www.st-franziskus-schwarzenbach-saale.de\/index.php?rest_route=\/wp\/v2\/posts\/3284\/revisions"}],"predecessor-version":[{"id":3285,"href":"https:\/\/www.st-franziskus-schwarzenbach-saale.de\/index.php?rest_route=\/wp\/v2\/posts\/3284\/revisions\/3285"}],"wp:featuredmedia":[{"embeddable":true,"href":"https:\/\/www.st-franziskus-schwarzenbach-saale.de\/index.php?rest_route=\/wp\/v2\/media\/2695"}],"wp:attachment":[{"href":"https:\/\/www.st-franziskus-schwarzenbach-saale.de\/index.php?rest_route=%2Fwp%2Fv2%2Fmedia&parent=3284"}],"wp:term":[{"taxonomy":"category","embeddable":true,"href":"https:\/\/www.st-franziskus-schwarzenbach-saale.de\/index.php?rest_route=%2Fwp%2Fv2%2Fcategories&post=3284"},{"taxonomy":"post_tag","embeddable":true,"href":"https:\/\/www.st-franziskus-schwarzenbach-saale.de\/index.php?rest_route=%2Fwp%2Fv2%2Ftags&post=3284"}],"curies":[{"name":"wp","href":"https:\/\/api.w.org\/{rel}","templated":true}]}}