{"id":3244,"date":"2023-04-10T17:30:56","date_gmt":"2023-04-10T17:30:56","guid":{"rendered":"https:\/\/www.st-franziskus-schwarzenbach-saale.de\/?p=3244"},"modified":"2025-04-21T17:17:15","modified_gmt":"2025-04-21T17:17:15","slug":"predigt-ostern-lj-a","status":"publish","type":"post","link":"https:\/\/www.st-franziskus-schwarzenbach-saale.de\/?p=3244","title":{"rendered":"PREDIGT OSTERN LJ A"},"content":{"rendered":"\n<p style=\"text-align: center;\"><strong>Auswahllesungen + Mt 28,1-10<\/strong><\/p>\n<p>Wir stecken mittendrin in den Krisen unserer Zeit \u2013 \u201eselbstgemachte\u201c wie die Klimakrise oder Kleinkriege in den Familien und Gro\u00dfkriege zwischen V\u00f6lkern und Nationen. Krisenmodus \u2013 wir m\u00fcssen damit leben. Wir erleben Ersch\u00fctterndes in unserer kleinen Lebenswelt und auf der Erde. Die biblischen Lesungen und das \u201eCredo f\u00fcr die Erde\u201c r\u00fctteln uns wach, damit wir die Wende zum Leben mit Gottes Hilfe hinbekommen:<\/p>\n<ul>\n<li>Die Sch\u00f6pfungserz\u00e4hlung (Gen 1,1.26-31a) mahnt zum verantwortungsvollen Umgang mit Gottes Sch\u00f6pfung: Wir haben es in der Hand, ob Leben f\u00fcr nachfolgende Generationen auf der Erde noch gut m\u00f6glich sein wird.<\/li>\n<li>Die Befreiung der Israeliten aus der Sklaverei (Ex14,15-15,1) ruft zu einem Leben ohne Krieg, Unterdr\u00fcckung, Ausbeutung und Versklavung auf: Alle Menschen sind Schwestern und Br\u00fcder, eine geschwisterliche Menschheit verbunden in sozialer Freundschaft, darauf hat auch Papst Franziskus 2020 in seiner Enzyklika Fratelli tutti hingewiesen.<\/li>\n<li>Konsum macht nicht gl\u00fccklich, macht nicht wirklich satt: die Reichen leben im \u00dcberfluss, sind uners\u00e4ttlich, die Armen hungern. Die Frage nach einem verantwortungsvollen Umgang mit Geld stellt Jesaja zwar nicht (Jes 55,1-11), wohl aber die, was\/wer den Hunger nach Leben stillen kann.<\/li>\n<li>Durch die Taufe haben Anteil an Jesu Tod und Auferstehung (R\u00f6m 6,3-11) \u2013 wir d\u00fcrfen aufstehen zum Leben und aus der Taufe heraus unser (Glaubens-)Leben als Christen gestalten, auch im Einsatz f\u00fcr eine bessere Welt.<\/li>\n<\/ul>\n<p>Aber so einfach ist das nicht, aufstehen zum Leben \u2013 oft schaffen wir das nicht aus eigener Kraft. Wir sind im Krisenmodus gefangen \u2013 immer und immer wieder; kaum ist die eine Krise beendet ist schon einen neue da. Alle Appelle, Aufforderungen und Impulse helfen nichts. Wir sitzen oft selbst im Grab wie in Todesbanden oder einer Art Totenstarre \u2013 handlungs- und hoffnungslos\u2026 wie die J\u00fcnger damals. Der Tod Jesu \u2013 ein Erdbeben markiert im Evangelium nach Matth\u00e4us diesen Schicksalsschlag f\u00fcr die J\u00fcngerinnen und J\u00fcnger (vgl. Mt 27,50-51) \u2013 wirft sie in die schwerste Krise ihres Lebens. Sie sind ersch\u00fcttert: Ihre Welt ist zusammengebrochen. Sie m\u00fcssen ohne Jesus leben, dem sie nachgefolgt waren, der sich aufgebaut und geheilt hatte, der ihnen Gottes Liebe und Menschenfreundlichkeit vorgelebt hat. Mit dem Tod Jesu geht eine gute Zeit zu Ende \u2013 Krisenmodus, verursacht durch Menschenh\u00e4nde, die Jesus ans Kreuz geschlagen haben.<br \/>Aber mit der Auferstehung Jesu bricht eine neue Zeit an \u2013 eine Zeit des neuen Lebens. Erneut wird dies im Matth\u00e4usevangelium durch ein Erdbeben angezeigt (vgl. Mt 28,2): neues Leben regt sich, weil Gott eingreift. Die J\u00fcngerinnen und J\u00fcnger werden aus der Krise herausf\u00fchrt und ihnen wird den Weg gezeigt: Zweimal die gleiche Aussage \u2013 einmal von einem Engel, einem Boten Gotten, und dann vom Auferstandene selbst, um diese Botschaft zu unterstreichen: \u201eF\u00fcrchtet euch nicht! Geht und sagt meinen [Schwestern und] Br\u00fcdern, sie sollen nach Galil\u00e4a gehen, und dort werden sie mich sehen\u201c (Mt 28,5*.7.10). Die Wende ist geschafft \u2013 mit Gottes Hilfe: weg von Krise und Furcht, Tod und Grab hin zu neuem Leben und neuer Lebendigkeit, zu Freude am Glauben und Freude am Leben. Lassen auch wir uns vom Auferstandenen mitrei\u00dfen \u2013 heraus aus der Krise und Hoffnungslosigkeit unserer Tage. Stehen wir mit Gottes Hilfe auf zum Leben im Einsatz f\u00fcr das Leben. F\u00fcrchtet Euch nicht! Jesus lebt! Er ist auferstanden! Halleluja! Und auch wir sollen leben durch Gottes Kraft und Hilfe! AMEN.<\/p>\n<p>\u00a0<\/p>\n<p><em>Neben biblischen Texten der Osternacht (vgl. LINK: https:\/\/www.erzabtei-beuron.de\/schott\/register\/osterzeit\/schott_anz\/index.html?file=osterzeit%2Fostersonntag%2FNachtA.htm)<br \/>kann dabei auch \u2013 gerade im Hinblick auf die Sch\u00f6pfungsverantwortung \u2013 auch der Text \u201eCredo f\u00fcr die Erde\u201c (vgl. LINK: https:\/\/sehen-und-handeln.ch\/content\/uploads\/2018\/04\/Gebet-Soelle.docx)<br \/>oder der Rap \u201eWelt der Wunder\u201c (vgl. LINK: <a href=\"_wp_link_placeholder\" data-wplink-edit=\"true\">https:\/\/www.youtube.com\/watch?v=xBD2ZFDFXto<\/a>) hilfreich sein.<br \/><\/em><\/p>\n","protected":false},"excerpt":{"rendered":"<p>Auswahllesungen + Mt 28,1-10 Wir stecken mittendrin in den Krisen unserer Zeit \u2013 \u201eselbstgemachte\u201c wie die Klimakrise oder Kleinkriege in den Familien und Gro\u00dfkriege zwischen V\u00f6lkern und Nationen. Krisenmodus \u2013 wir m\u00fcssen damit leben. Wir erleben Ersch\u00fctterndes in unserer kleinen Lebenswelt und auf der Erde. Die biblischen Lesungen und das \u201eCredo f\u00fcr die Erde\u201c r\u00fctteln [&hellip;]<\/p>\n","protected":false},"author":1,"featured_media":3229,"comment_status":"closed","ping_status":"closed","sticky":false,"template":"","format":"standard","meta":{"footnotes":""},"categories":[36,32],"tags":[],"class_list":["post-3244","post","type-post","status-publish","format-standard","has-post-thumbnail","hentry","category-36","category-evangelium-predigten"],"_links":{"self":[{"href":"https:\/\/www.st-franziskus-schwarzenbach-saale.de\/index.php?rest_route=\/wp\/v2\/posts\/3244","targetHints":{"allow":["GET"]}}],"collection":[{"href":"https:\/\/www.st-franziskus-schwarzenbach-saale.de\/index.php?rest_route=\/wp\/v2\/posts"}],"about":[{"href":"https:\/\/www.st-franziskus-schwarzenbach-saale.de\/index.php?rest_route=\/wp\/v2\/types\/post"}],"author":[{"embeddable":true,"href":"https:\/\/www.st-franziskus-schwarzenbach-saale.de\/index.php?rest_route=\/wp\/v2\/users\/1"}],"replies":[{"embeddable":true,"href":"https:\/\/www.st-franziskus-schwarzenbach-saale.de\/index.php?rest_route=%2Fwp%2Fv2%2Fcomments&post=3244"}],"version-history":[{"count":1,"href":"https:\/\/www.st-franziskus-schwarzenbach-saale.de\/index.php?rest_route=\/wp\/v2\/posts\/3244\/revisions"}],"predecessor-version":[{"id":3245,"href":"https:\/\/www.st-franziskus-schwarzenbach-saale.de\/index.php?rest_route=\/wp\/v2\/posts\/3244\/revisions\/3245"}],"wp:featuredmedia":[{"embeddable":true,"href":"https:\/\/www.st-franziskus-schwarzenbach-saale.de\/index.php?rest_route=\/wp\/v2\/media\/3229"}],"wp:attachment":[{"href":"https:\/\/www.st-franziskus-schwarzenbach-saale.de\/index.php?rest_route=%2Fwp%2Fv2%2Fmedia&parent=3244"}],"wp:term":[{"taxonomy":"category","embeddable":true,"href":"https:\/\/www.st-franziskus-schwarzenbach-saale.de\/index.php?rest_route=%2Fwp%2Fv2%2Fcategories&post=3244"},{"taxonomy":"post_tag","embeddable":true,"href":"https:\/\/www.st-franziskus-schwarzenbach-saale.de\/index.php?rest_route=%2Fwp%2Fv2%2Ftags&post=3244"}],"curies":[{"name":"wp","href":"https:\/\/api.w.org\/{rel}","templated":true}]}}