{"id":3237,"date":"2023-04-02T20:00:03","date_gmt":"2023-04-02T20:00:03","guid":{"rendered":"https:\/\/www.st-franziskus-schwarzenbach-saale.de\/?p=3237"},"modified":"2025-04-21T17:17:15","modified_gmt":"2025-04-21T17:17:15","slug":"predigt-5-fastensonntag-a","status":"publish","type":"post","link":"https:\/\/www.st-franziskus-schwarzenbach-saale.de\/?p=3237","title":{"rendered":"PREDIGT 5. FASTENSONNTAG (A)"},"content":{"rendered":"\n<p style=\"text-align: center;\"><strong>Ez 37,12b-14 + Joh 11,3-7.17.20-27.33b-45 (KF)<\/strong><\/p>\n<p>Liebe Schwestern und Br\u00fcder, liebe Kinder, liebe Jugendliche!<br \/>Jesus trauert um seinen guten Freund Lazarus \u2013 die Tr\u00e4nen flie\u00dfen. Jesus h\u00e4lt die Trauer aus. Jesus ist in der Trauer ganz nach bei den Menschen, die er gernhat, und tr\u00f6stet Marta in ihrem Schmerz. Er redet den Schicksalsschlag nicht klein, nein. Jesus will, dass sie in IHM und durch IHN Kraft findet, diese Zeit der Trauer durchzustehen \u2013 dass sie im Glauben an Ihn, \u201edie Auferstehung und das Leben\u201c (Joh 11,25), Hoffnung hat, Hoffnung auf Leben. Jesus setzt ein Zeichen f\u00fcr diese Hoffnung, indem er den toten Lazarus zum Leben erweckt \u2013 ein Hoffnungszeichen, dass alle sehen sollen:<\/p>\n<ul>\n<li>Leben trotz des Todes: der Tod hat keine Macht \u00fcber das Leben; das Leben ist st\u00e4rker, weil er, Gottes Sohn, es will und f\u00fcr das Leben einsteht.<\/li>\n<li>Deshalb gilt: Leben im Tod: Jesus Christus schenkt Leben, \u00fcber dieses irdische Leben hinaus (vgl. Joh 11,25-26); die Auferweckung des Lazarus ist das Vorzeichen der Auferstehung Jesu Christi, die wir in zwei Wochen an Ostern feiern. Es ist auch das Vorzeichen f\u00fcr uns: Unser Leben, unser Sterben und unsere Auferstehung liegen in Gottes Hand.<\/li>\n<li>Leben mit dem Tod: Anerkennen der eigenen Sterblichkeit \u2013 der Tod geh\u00f6rt zum Leben dazu. Er mahnt uns das Leben bewusst und fr\u00f6hlich zu leben \u2013 dem Tod zum Trotz und keine Angst vor dem Ende zu haben.<\/li>\n<\/ul>\n<p>Vieles im Leben, liegt in unserer Hand \u2013 wie auf dem Fastentuch von MISEREOR, das der aus Nigeria stammende K\u00fcnstler Emeka Udemba gestaltet hat. Gott hat uns dieses Leben und die Erde in die H\u00e4nde gegeben. Wir d\u00fcrfen mitwirken an seiner gro\u00dfartigen Sch\u00f6pfung und uns f\u00fcr das Leben einsetzten: F\u00fcr das ungeborene Leben und f\u00fcr die Lebensm\u00f6glichkeiten zuk\u00fcnftiger Generationen. Wir haben es in der Hand, die Welt und die Lebensgrundlagen vieler Menschen zu ver\u00e4ndern: Manches ist schlechter geworden \u2013 durch unser Tun: Wir sp\u00fcren die Erderw\u00e4rmung und die Klimakrise und deren Folgen jetzt schon deutlich: Vertrocknete W\u00e4lder \u2013 auch hier bei uns \u2013 \u00dcberschwemmungen andernorts.<br \/>Vieles kann aber besser werden und sich zum Guten wenden \u2013 durch unser Tun; darauf weist das Motto des MISEREOR-Sonntags hin:<sup>1<\/sup> <em>Frau.Macht.Ver\u00e4nderung.<\/em> Wir sollen den Beitrag w\u00fcrdigen, den Frauen zur Gestaltung einer menschenfreundlichen, zukunftsf\u00e4higen Gesellschaft leisten. Gemeinsam mit Frauen in Madagaskar k\u00f6nnen wir die Welt zum Guten ver\u00e4ndern! Diese Wende zum Guten hin ist schon ein \u201eHauch\u201c Auferstehung \u2013 sie ereignet sich im Kleinen mitten im Alltag. Oft denke ich dabei nicht \u201egro\u00df\u201c an Auferstehung \u2013 und doch ist da neues Leben und neue Lebendigkeit: Wenn nach Streit und Entfremdung eine Wiederann\u00e4herung gelingt, wenn vielleicht sogar Vers\u00f6hnung geschieht, ist das Aufstehen zum Leben und<br \/><br \/>Aufstehen f\u00fcr das Leben! Wenn eine Situation ausweglos erscheint und ich, oft mithilfe eines anderen Menschen, schlie\u00dflich doch eine L\u00f6sung finde, ist das Aufstehen zum Leben und f\u00fcr das Leben! Wenn ich in Krankheit, Ermattung und Stress neue Kraft sch\u00f6pfe, ist das Aufstehen zum Leben und f\u00fcr das Leben \u2013 ein Vorgeschmack von Ostern! Es ist ein Leben aus Gottes Geist und aus der Kraft des Heiligen Geistes, den Gott schenkt und mit dem mich Gott neu belebt und ihn an mir und in mir wirken l\u00e4sst (vgl. Ez 37,14).<br \/>Frauen schaffen Ver\u00e4nderung \u2013 in Madagaskar und anderswo im Globalen S\u00fcden, ebenso hier bei uns, in Gesellschaft und Kirche. Frauen haben Ideen, Frauen setzen sich ein und handeln. Doch ihre Stimme wird oft nicht geh\u00f6rt: Frustration statt Hoffnung macht sich oft breit: In Madagaskar haben M\u00e4dchen weit geringere Bildungschancen als Jungen. Vor allem in den l\u00e4ndlichen Gebieten d\u00fcrfen Frauen zwar f\u00fcr das \u00dcberleben der Familie arbeiten, aber nicht mitentscheiden. Weltweit d\u00fcrfen Frauen in der Kirche zwar mit anpacken, aber nur wenig mitbestimmen. Die Versuchung ist gro\u00df, in der Entt\u00e4uschung dar\u00fcber und in der Resignation zu verharren \u2013 so wie Maria, die Schwester des Lazarus, im Haus sitzen bleibt und trauert (vgl. Joh 11,20). Doch nicht alle Frauen lassen sich entmutigen und k\u00e4mpfen f\u00fcr ihre Ziele, wie Marta, die Jesus ihr Leid klagt, ihn quasi anklagt: \u201eHerr, w\u00e4rst du hier gewesen, dann w\u00e4re mein Bruder nicht gestorben\u201c (Joh 11,21). Marta gibt sich nicht mit dem scheinbar Unab\u00e4nderlichen zufrieden. Sie hofft wider alle Hoffnung auf Leben im Hier und Jetzt durch Gottes lebensspendenden Geist. Lassen wir uns durch ihr Vorbild und das Vorbild der Frauen in Madagaskar ermutigen, die durch kleine Initiativen viel bewirken und durch unsere heutige Spende am MISEREOR-Sonntag noch viel mehr. Stehen wir auf zum Leben \u2013 gemeinsam \u2013 leben wir aus Gottes Kraft. AMEN.<\/p>\n<p>\u00a0<\/p>\n<p><sup>1<\/sup> <em>Die folgenden Gedanken sind teilweise aus den liturgischen Bausteinen f\u00fcr den Got-tesdienst am 5. Sonntag der Fastenzeit, dem MISEREOR-Sonntag 2023 entnommen (vgl. https:\/\/fastenaktion.misereor.de\/liturgie).<\/em><\/p>\n","protected":false},"excerpt":{"rendered":"<p>Ez 37,12b-14 + Joh 11,3-7.17.20-27.33b-45 (KF) Liebe Schwestern und Br\u00fcder, liebe Kinder, liebe Jugendliche!Jesus trauert um seinen guten Freund Lazarus \u2013 die Tr\u00e4nen flie\u00dfen. Jesus h\u00e4lt die Trauer aus. Jesus ist in der Trauer ganz nach bei den Menschen, die er gernhat, und tr\u00f6stet Marta in ihrem Schmerz. Er redet den Schicksalsschlag nicht klein, nein. [&hellip;]<\/p>\n","protected":false},"author":1,"featured_media":3229,"comment_status":"closed","ping_status":"closed","sticky":false,"template":"","format":"standard","meta":{"footnotes":""},"categories":[36,32],"tags":[],"class_list":["post-3237","post","type-post","status-publish","format-standard","has-post-thumbnail","hentry","category-36","category-evangelium-predigten"],"_links":{"self":[{"href":"https:\/\/www.st-franziskus-schwarzenbach-saale.de\/index.php?rest_route=\/wp\/v2\/posts\/3237","targetHints":{"allow":["GET"]}}],"collection":[{"href":"https:\/\/www.st-franziskus-schwarzenbach-saale.de\/index.php?rest_route=\/wp\/v2\/posts"}],"about":[{"href":"https:\/\/www.st-franziskus-schwarzenbach-saale.de\/index.php?rest_route=\/wp\/v2\/types\/post"}],"author":[{"embeddable":true,"href":"https:\/\/www.st-franziskus-schwarzenbach-saale.de\/index.php?rest_route=\/wp\/v2\/users\/1"}],"replies":[{"embeddable":true,"href":"https:\/\/www.st-franziskus-schwarzenbach-saale.de\/index.php?rest_route=%2Fwp%2Fv2%2Fcomments&post=3237"}],"version-history":[{"count":1,"href":"https:\/\/www.st-franziskus-schwarzenbach-saale.de\/index.php?rest_route=\/wp\/v2\/posts\/3237\/revisions"}],"predecessor-version":[{"id":3238,"href":"https:\/\/www.st-franziskus-schwarzenbach-saale.de\/index.php?rest_route=\/wp\/v2\/posts\/3237\/revisions\/3238"}],"wp:featuredmedia":[{"embeddable":true,"href":"https:\/\/www.st-franziskus-schwarzenbach-saale.de\/index.php?rest_route=\/wp\/v2\/media\/3229"}],"wp:attachment":[{"href":"https:\/\/www.st-franziskus-schwarzenbach-saale.de\/index.php?rest_route=%2Fwp%2Fv2%2Fmedia&parent=3237"}],"wp:term":[{"taxonomy":"category","embeddable":true,"href":"https:\/\/www.st-franziskus-schwarzenbach-saale.de\/index.php?rest_route=%2Fwp%2Fv2%2Fcategories&post=3237"},{"taxonomy":"post_tag","embeddable":true,"href":"https:\/\/www.st-franziskus-schwarzenbach-saale.de\/index.php?rest_route=%2Fwp%2Fv2%2Ftags&post=3237"}],"curies":[{"name":"wp","href":"https:\/\/api.w.org\/{rel}","templated":true}]}}