{"id":3234,"date":"2023-03-19T18:48:24","date_gmt":"2023-03-19T18:48:24","guid":{"rendered":"https:\/\/www.st-franziskus-schwarzenbach-saale.de\/?p=3234"},"modified":"2025-04-21T17:17:15","modified_gmt":"2025-04-21T17:17:15","slug":"predigt-4-fastensonntag-a","status":"publish","type":"post","link":"https:\/\/www.st-franziskus-schwarzenbach-saale.de\/?p=3234","title":{"rendered":"PREDIGT 4. FASTENSONNTAG (A)"},"content":{"rendered":"\n<p style=\"text-align: center;\"><strong>Eph 5,8-14 + Joh 9,1.6-9.13-17.34-38 (Kurzfassung)<\/strong><\/p>\n<p>Liebe Schwestern und Br\u00fcder, liebe Kinder, liebe Jugendliche!<br \/>Der Mensch nimmt seine Umwelt zum gro\u00dfen Teil sehend wahr: Ohne Licht sehen wir schwarz; ohne Licht kein Schatten, kein \u201er\u00e4umliches Sehen\u201c \u2013 der Schatten und die Farbschattierungen, die sich durch Brechen der Lichtstrahlen an einem Gegenstand ergeben,und die man sehen kann \u2013 lassen Licht sichtbar werden; auch Entfernungen werden absch\u00e4tzbar.<br \/>Die Lesung aus dem Brief an die Epheser nimmt diese Licht-Finsternis-Metaphorik auf (vgl. Eph 5,8-14): die fr\u00fchere \u00dcbersetzung lautete: \u201eEins wart ihr in der Finsternis\u201c \u2013 jetzt hei\u00dft es: \u201eEinst wart ihr Finsternis\u201c (Eph 5,8), ihr habt nicht nur \u201eSchwarz gesehen\u201c, sondern in ward selbst dieses \u201eschwarze Loch\u201c ohne jegliche Hoffnung. Jesus Christus hat Licht in das Leben der damaligen Menschen gebracht. Er hat nicht die Zeiten ge\u00e4ndert, sondern den Blick auf die Umst\u00e4nde, um die \u201eZeichen der Zeit\u201c zu sehen. \u201eLebt als Kinder des Lichtes\u201c (Eph 5,8) ermutigt Paulus die Gemeinde damals und uns heute und auch die vielen \u201eSchwarzseher\u201c. Bringt die Schattenseiten des Lebens ans Licht, macht darauf aufmerksam und versucht zu \u00e4ndern, was zu \u00e4ndern ist \u2013 Jesus \u201eChristus wird dein Licht sein\u201c (Eph 5,14).<br \/>Oft sind wir blind, obwohl wir sehen k\u00f6nnen. Das ist die Blindheit meines Lebens: Ich sehe oft nur oberfl\u00e4chlich auf Dinge und Ereignisse; oft sehe ich auch nur das, was ich sehen will; oft habe ich eine verengte Sicht \u2013 dann sehe ich kein Licht, am Ende des Tunnels, weil ich dem Leben nicht mehr trauen kann, weil ich keine Hoffnung mehr in mir sp\u00fcre, weil ich keinen Glauben an das Licht mehr habe. Dann sitze ich oft \u201eim Dunkeln\u201c, weil mein Herz von Dunkelheit umgeben ist, weil es in mir stockdunkel ist.<br \/>Wie dem blinden Menschen im heutigen Evangelium, will Jesus auch mich von der Blindheit meines Lebens heilen, will mein Leben hell machen, dass ich mich, die Lebensumst\u00e4nde und die Welt annehmen kann und die Farben wahrnehme \u2013 Lebensfarben. Nicht verkl\u00e4rt oder verf\u00e4lscht durch eine rosarote Brille, dass schon alles gut ist oder irgendwie gut werden wird \u2013 sondern hoffnungsvoll und ermutigend, dass ich dieses Licht wahrnehmen und f\u00fcr wahr nehmen, ja annehmen kann, dass ich (wie der jetzt Sehende im Evangelium) an Jesus Christus glauben kann (vgl. Joh 9,36-38), der Licht und Farbe in mein tr\u00fcbes Leben bringen will.<br \/>Offen sein f\u00fcr die \u201eZeichen der Zeit\u201c \u2013 sehen, worauf es f\u00fcr uns als Christinnen und Christen ankommt: auf den Glauben an Jesus Christus \u2013 ein gemeinsamer Weg, auf dem mich viele Menschen begleitet haben: Eltern, Freunde, Gemeindemitglieder, Vorbilder\u2026 jede und jeder kennt Menschen, die einen auf die Spur des Glaubens gebraucht haben, wo Jesus Christus als Licht durch sie hindurch Kraft und Orientierung gegeben hat.<br \/>Offen sein f\u00fcr die \u201eZeichen der Zeit\u201c \u2013 sehen, worauf es f\u00fcr uns als Menschen, ja als Menschheit ankommt: die Lebensgrundlage zu bewahren auch f\u00fcr nachfolgende Generationen, damit auch sie die Chance haben zu leben, zu sehen und zu staunen \u2013 und in diesem Staunen und Schauen auch Gottes Sch\u00f6pfung und Gottes Spur im Leben entdecken k\u00f6nnen.<br \/>Diese Sehnsucht nach der \u201eheilen Welt\u201c soll keine Utopie bleiben, sondern Wirklichkeit werden. Das kann sie, wenn wir nicht \u201eschwarz sehen\u201c, sondern Farbe bekennen: Das Gesicht der Erde erneuern und das Klima retten, damit Leben auf der Erde m\u00f6glich ist und bleibt. Das wird einiges kosten \u2013 sicher auch mehr, als wenn wir schon vor Jahrzehnten damit angefangen h\u00e4tten \u2013 wenn wir aber nichts tun, kostet es uns und der ganzen Menschheit das Leben. Die Erde wird bleiben, aber ob der Mensch auf Dauer auf ihr leben, ja \u00fcberleben kann, ist fraglich \u2013 wir haben es in der Hand. Unsere Erde ist nicht der \u201eSpielball\u201c der Menschen oder verschiedener Interessen, sondern erhaltenswerter Lebensraum f\u00fcr alle Menschen \u2013 nicht nur f\u00fcr die, in meinem nahen Umfeld, sondern auch f\u00fcr die in der Ferne und sogar f\u00fcr die, die ich gar nicht im Blick habe \u2013 eine Weitung meines Blicks \u00fcber den eigenen Tellerrand hinaus.<br \/>Heil und Heilung f\u00fcr die gro\u00dfen Verletzungen der Erde und die vielen kleinen Wunden vor Ort, die nach Heilung schreien \u2013 da muss sich jede und jeder an die eigene Nase packen, wo er die Erde und den Sch\u00f6pfungsauftrag (vgl. Gen 1,28) verletzt hat. Der K\u00fcnstler des Hungertuches, Emeka Udemba, tapt und verbindet mit vielen bunten \u201ePflastern\u201c die Risse, Verwundungen und Verletzungen der Erde. Es ist keine Sch\u00f6nf\u00e4rberei, es sind keine billigen \u201eTrostpfl\u00e4sterchen\u201c a la greenwashing oder CO2-Ausgleich, sondern eine gro\u00dfe Hoffnungsvision, dass die Welt noch zu retten ist \u2013 die bunten Farbakzente sind Leuchtspuren Gottes, wo wir hinsehen und wo wir handeln k\u00f6nnen und m\u00fcssen. Packen wir es an! Gemeinsam! Jetzt! AMEN.<\/p>\n","protected":false},"excerpt":{"rendered":"<p>Eph 5,8-14 + Joh 9,1.6-9.13-17.34-38 (Kurzfassung) Liebe Schwestern und Br\u00fcder, liebe Kinder, liebe Jugendliche!Der Mensch nimmt seine Umwelt zum gro\u00dfen Teil sehend wahr: Ohne Licht sehen wir schwarz; ohne Licht kein Schatten, kein \u201er\u00e4umliches Sehen\u201c \u2013 der Schatten und die Farbschattierungen, die sich durch Brechen der Lichtstrahlen an einem Gegenstand ergeben,und die man sehen kann [&hellip;]<\/p>\n","protected":false},"author":1,"featured_media":3229,"comment_status":"closed","ping_status":"closed","sticky":false,"template":"","format":"standard","meta":{"footnotes":""},"categories":[36,32],"tags":[],"class_list":["post-3234","post","type-post","status-publish","format-standard","has-post-thumbnail","hentry","category-36","category-evangelium-predigten"],"_links":{"self":[{"href":"https:\/\/www.st-franziskus-schwarzenbach-saale.de\/index.php?rest_route=\/wp\/v2\/posts\/3234","targetHints":{"allow":["GET"]}}],"collection":[{"href":"https:\/\/www.st-franziskus-schwarzenbach-saale.de\/index.php?rest_route=\/wp\/v2\/posts"}],"about":[{"href":"https:\/\/www.st-franziskus-schwarzenbach-saale.de\/index.php?rest_route=\/wp\/v2\/types\/post"}],"author":[{"embeddable":true,"href":"https:\/\/www.st-franziskus-schwarzenbach-saale.de\/index.php?rest_route=\/wp\/v2\/users\/1"}],"replies":[{"embeddable":true,"href":"https:\/\/www.st-franziskus-schwarzenbach-saale.de\/index.php?rest_route=%2Fwp%2Fv2%2Fcomments&post=3234"}],"version-history":[{"count":1,"href":"https:\/\/www.st-franziskus-schwarzenbach-saale.de\/index.php?rest_route=\/wp\/v2\/posts\/3234\/revisions"}],"predecessor-version":[{"id":3235,"href":"https:\/\/www.st-franziskus-schwarzenbach-saale.de\/index.php?rest_route=\/wp\/v2\/posts\/3234\/revisions\/3235"}],"wp:featuredmedia":[{"embeddable":true,"href":"https:\/\/www.st-franziskus-schwarzenbach-saale.de\/index.php?rest_route=\/wp\/v2\/media\/3229"}],"wp:attachment":[{"href":"https:\/\/www.st-franziskus-schwarzenbach-saale.de\/index.php?rest_route=%2Fwp%2Fv2%2Fmedia&parent=3234"}],"wp:term":[{"taxonomy":"category","embeddable":true,"href":"https:\/\/www.st-franziskus-schwarzenbach-saale.de\/index.php?rest_route=%2Fwp%2Fv2%2Fcategories&post=3234"},{"taxonomy":"post_tag","embeddable":true,"href":"https:\/\/www.st-franziskus-schwarzenbach-saale.de\/index.php?rest_route=%2Fwp%2Fv2%2Ftags&post=3234"}],"curies":[{"name":"wp","href":"https:\/\/api.w.org\/{rel}","templated":true}]}}