{"id":3220,"date":"2023-02-20T21:14:16","date_gmt":"2023-02-20T21:14:16","guid":{"rendered":"https:\/\/www.st-franziskus-schwarzenbach-saale.de\/?p=3220"},"modified":"2025-04-21T17:17:15","modified_gmt":"2025-04-21T17:17:15","slug":"predigt-6-sonntag-im-jk-a","status":"publish","type":"post","link":"https:\/\/www.st-franziskus-schwarzenbach-saale.de\/?p=3220","title":{"rendered":"PREDIGT 6. SONNTAG IM JK (A)"},"content":{"rendered":"\n<p style=\"text-align: center;\"><strong>Sir 15,15-20 + Mt 5,17-37 (Langfassung)<\/strong><\/p>\n<p>Liebe Schwestern und Br\u00fcder, liebe Jugendliche!<br \/>Ich habe einen Traum, der mich seit Kindertagen begleitet \u2013 keinen der mir nachts den Schlaf raubt, sondern einen, der immer wieder mal hoch- und mir in den Sinn kommt; ein Traum, der mich fasziniert: einmal bei einer arch\u00e4ologischen Grabung dabei sein zu k\u00f6nnen\u2026; behutsam immer tiefer zu graben\u2026, dem Erdreich ein Geheimnis entlocken\u2026 und einen wertvollen Fund zu machen\u2026 \u2013 bei der Ausgrabung und Entdeckung von Pharaonen-gr\u00e4bern w\u00e4re ich gerne dabei gewesen\u2026 . Mein Traum ist ein Traum ge-blieben und noch nicht Wirklichkeit geworden. Aber Tr\u00e4ume darf man ja haben, oder? Das feinf\u00fchlige Graben und Suchen, das immer tiefere Hineinkommen in einen Text, der sich oberfl\u00e4chlich ganz anders liest, das ist es, was mich an biblischen Texten fasziniert: Entdecker sein, Schatzsucher.<br \/>Die heutigen Worte der Bergpredigt sind f\u00fcr mich eine Herausforderung. Wie oft ist mein Leben das genaue Gegenteil von dem, was Jesus in klaren Worten fordert. Ertappt: Da habe ich schon wieder ganz anders gehandelt. Da bin ich ganz weit weg vom Ideal, das Jesus predigt. Da komme ich gedanklich schon in die Versuchung, es gleich sein zu lassen: \u201eIch schaffe es ja doch nicht, also muss ich es erst gar nicht probieren.\u201c Der Anspruch Jesu ist mir zu hoch \u2013 weit \u00fcber meiner menschlichen Lebenswirklichkeit.<br \/>Ich will hinter die Oberfl\u00e4che der Worte Jesu schauen \u2013 will in die Tiefe gehen und entdecken, was an Wertvollem in ihnen steckt \u2013 und was sie mir f\u00fcr mein Leben zu sagen haben.<br \/>Jesu Worte fordern mich auf zu gr\u00f6\u00dferer Tiefe \u2013 zu einer tieferliegenden, ja grundlegenden Gerechtigkeit: \u201eWenn eure Gerechtigkeit nicht weit gr\u00f6\u00dfer ist als die der Schriftgelehrten und der Pharis\u00e4er, werdet ihr nicht in das Himmelreich kommen\u201c (Mt 5,20). Ich soll tiefer gehen als die Experten der Heiligen Schrift, tiefer gehen als die, die alle Gebote und Verbote kennen \u2013 und denen das Halten dieser Vorschriften wichtig ist. Obwohl sie jeden Buchstaben des Gesetzes erf\u00fcllen, bleibt ihr Tun oft an der Oberfl\u00e4che, weil sie tief im Herzen ganz anders denken und auch handeln w\u00fcrden.<br \/>Jesus kommt es auf das Herz an \u2013 auf meine innere Haltung. Gerechtigkeit, diese Haltung soll in meines Herzens Grunde sein. Gerechtigkeit steht in der Bibel oft f\u00fcr \u201eein rechtschaffenes Leben\u201c \u2013 ein Leben nach Gottes Vorstellung \u2013 ein Leben, das nicht nur oberfl\u00e4chlich alle Gebote einh\u00e4lt, sondern ein Leben, das den tieferen Sinn, den Wert und Gottes Plan verstanden hat.<br \/>Wenn ich zum Beispiel eine Geschwindigkeitsbegrenzung einhalte, weil ich nicht geblitzt und kein Bu\u00dfgeld zahlen will, handle ich richtig. Ich halte mich an die Vorschriften, auch wenn ich vielleicht lieber rasen w\u00fcrde und mich und mein Auto nur schwer z\u00fcgeln kann. Wenn ich die Geschwindigkeitsbegrenzung aber einhalte, weil ich mich und andere nicht gef\u00e4hrden will, weil ich von Grund auf verstanden habe, dass diese Regel etwas Gutes<br \/>bewirken will, bin ich viel tiefer in die Gerechtigkeit, in das gute Leben und gelingende Zusammenleben vorgedrungen. Mir geht es oft so, dass mich die tiefere Gerechtigkeit, die Jesus fordert, nachdenken l\u00e4sst \u2013 wie ich durch mein Verhalten mir und anderen das Leben nicht zur H\u00f6lle mache (vgl. Mt 5,22.29.30). Da habe ich noch ganz sch\u00f6n viel zu lernen und zu ver\u00e4ndern in meinem Leben und an meinem Verhalten mir und anderen gegen\u00fcber.<br \/>Tiefere Ehrlichkeit mit mir selbst, mit meinen Mitmenschen und auch Gott gegen\u00fcber \u2013 das fordert Jesus: beieinander bleiben, zueinander stehen, einander helfen, auch wenn es in der Beziehung oder in der Ehe schwierig wird oder sich verlockende Gelegenheiten bieten; mich vers\u00f6hnen und Frieden schaffen im Kleinen wie im Gro\u00dfen, in der Familie, mit dem Arbeitskollegen, zwischen V\u00f6lkern und Nationen \u2013 darauf kommt es an \u2013 sonst ist meine Teilnahme am Gottesdienst nur oberfl\u00e4chliche Pflichterf\u00fcllung aber nicht aus der Tiefe meines Herzens gelebtes Evangelium; entschieden leben, statt mein F\u00e4hnchen nach dem Wind zu h\u00e4ngen: \u201eEuer Ja sein ein Ja, euer Nein ein Nein\u201c (vgl. Mt 5,37), sagt Jesus. Oft ist es so, dass mein \u201eJa\u201c eben doch keines ist, und mein \u201eNein\u201c auch nicht. Wie viele Hintert\u00fcren halte ich mir oft offen bei Entscheidungen, und wie viele \u201eAbers\u201c, \u201eVielleichts\u201c und \u201eNajas\u201c verbergen sich hinter meinem \u201eJa\u201c oder meinem \u201eNein\u201c?<br \/>Die Worte Jesu gehen mir nach, gehen in die Tiefe meines Herzes. Dort graben sie sich ein und werden zum Schatz in meinem Leben und auch f\u00fcr andere, wenn ich aus diesen Worten mein Leben gestalte. AMEN.<\/p>\n","protected":false},"excerpt":{"rendered":"<p>Sir 15,15-20 + Mt 5,17-37 (Langfassung) Liebe Schwestern und Br\u00fcder, liebe Jugendliche!Ich habe einen Traum, der mich seit Kindertagen begleitet \u2013 keinen der mir nachts den Schlaf raubt, sondern einen, der immer wieder mal hoch- und mir in den Sinn kommt; ein Traum, der mich fasziniert: einmal bei einer arch\u00e4ologischen Grabung dabei sein zu k\u00f6nnen\u2026; [&hellip;]<\/p>\n","protected":false},"author":1,"featured_media":2695,"comment_status":"closed","ping_status":"closed","sticky":false,"template":"","format":"standard","meta":{"footnotes":""},"categories":[34,32],"tags":[],"class_list":["post-3220","post","type-post","status-publish","format-standard","has-post-thumbnail","hentry","category-34","category-evangelium-predigten"],"_links":{"self":[{"href":"https:\/\/www.st-franziskus-schwarzenbach-saale.de\/index.php?rest_route=\/wp\/v2\/posts\/3220","targetHints":{"allow":["GET"]}}],"collection":[{"href":"https:\/\/www.st-franziskus-schwarzenbach-saale.de\/index.php?rest_route=\/wp\/v2\/posts"}],"about":[{"href":"https:\/\/www.st-franziskus-schwarzenbach-saale.de\/index.php?rest_route=\/wp\/v2\/types\/post"}],"author":[{"embeddable":true,"href":"https:\/\/www.st-franziskus-schwarzenbach-saale.de\/index.php?rest_route=\/wp\/v2\/users\/1"}],"replies":[{"embeddable":true,"href":"https:\/\/www.st-franziskus-schwarzenbach-saale.de\/index.php?rest_route=%2Fwp%2Fv2%2Fcomments&post=3220"}],"version-history":[{"count":1,"href":"https:\/\/www.st-franziskus-schwarzenbach-saale.de\/index.php?rest_route=\/wp\/v2\/posts\/3220\/revisions"}],"predecessor-version":[{"id":3221,"href":"https:\/\/www.st-franziskus-schwarzenbach-saale.de\/index.php?rest_route=\/wp\/v2\/posts\/3220\/revisions\/3221"}],"wp:featuredmedia":[{"embeddable":true,"href":"https:\/\/www.st-franziskus-schwarzenbach-saale.de\/index.php?rest_route=\/wp\/v2\/media\/2695"}],"wp:attachment":[{"href":"https:\/\/www.st-franziskus-schwarzenbach-saale.de\/index.php?rest_route=%2Fwp%2Fv2%2Fmedia&parent=3220"}],"wp:term":[{"taxonomy":"category","embeddable":true,"href":"https:\/\/www.st-franziskus-schwarzenbach-saale.de\/index.php?rest_route=%2Fwp%2Fv2%2Fcategories&post=3220"},{"taxonomy":"post_tag","embeddable":true,"href":"https:\/\/www.st-franziskus-schwarzenbach-saale.de\/index.php?rest_route=%2Fwp%2Fv2%2Ftags&post=3220"}],"curies":[{"name":"wp","href":"https:\/\/api.w.org\/{rel}","templated":true}]}}