{"id":3196,"date":"2022-12-08T21:02:44","date_gmt":"2022-12-08T21:02:44","guid":{"rendered":"https:\/\/www.st-franziskus-schwarzenbach-saale.de\/?p=3196"},"modified":"2025-04-21T17:17:16","modified_gmt":"2025-04-21T17:17:16","slug":"predigt-1-advent-a","status":"publish","type":"post","link":"https:\/\/www.st-franziskus-schwarzenbach-saale.de\/?p=3196","title":{"rendered":"PREDIGT 1. ADVENT (A)"},"content":{"rendered":"\n<p class=\"has-text-align-center\"><strong>Jes 2,1-5 + Mt 24,29-44 (LF)<\/strong><\/p>\n\n\n\n<p>Liebe Schwestern und Br\u00fcder, liebe Kinder, liebe Jugendliche!<br \/>Heute mit dem ersten Advent beginnt ein neues Kirchenjahr und auch eine Predigtreihe: Advent \u2013 mit allen Sinnen. Was nehme ich wahr mit meinen Sinnen in diesem Advent, in dieser Vorbereitungszeit auf Weihnachten? Es duftet nach Pl\u00e4tzchen und Stollen, viele haben schon Lebkuchen verkostet, letzte Woche habe ich im Radio schon zum ersten Mal Last Christmas geh\u00f6rt \u2013 reichlich fr\u00fch, am Freitag bei der spirituellen Wanderung rund um Schwarzenbach habe ich die vielen Buden der Gl\u00fchweinparty gesehen \u2013 da war es ganz still; keiner da \u2013 nur die Lichter haben schon gebrannt am Weihnachtbaum. Gestern Abend habe ich in aller Ruhe meinen Adventskranz geschm\u00fcckt, die sanften Nadeln gesp\u00fcrt, den Tannenduft eingesogen und die erste Kerze entz\u00fcndet \u2013 und ich war einfach da \u2013 ganz still.<br \/>Advent \u2013 mit allen Sinnen. Die biblischen Texte bieten ganz andere Sinneseindr\u00fccke: Un\u00fcbersehbar und un\u00fcberh\u00f6rbar ist die Wiederkunft des Men-schensohnes: totale Finsternis bei Tag und bei Nacht; vom Himmel fallende Sterne \u2013 kein Lichtblick mehr; laute Posaunen; die Wiederkunft des Herrn ersch\u00fcttert alles; nichts bleibt wie es war \u2013 Ersch\u00fctterung bis ins Mark. Wenn es soweit ist, gibt es keine Vorbereitungszeit mehr, kein Vertagen wie bei Klimakonferenzen, kein Verdr\u00e4ngen von privaten Problemen.<br \/>Wann wird es soweit sein? Wir wissen es nicht. Unerwartet und unvorbereitet wird diese Endzeit sicherlich Viele treffen. Viele interessiert sie auch nicht: Ich lebe jetzt! Was kommt, ist mir egal. Und doch treibt Angst und Schrecken vor der Zukunft Viele um: Klimakrise, Krieg, Energiekrise, Infla-tion. Das Evangelium des ersten Advents kann diese \u00c4ngste sch\u00fcren und Panik verbreiten. Ich sehe darin aber vor allem eine \u201eFrohe Botschaft\u201c, was ja Evangelium \u00fcbersetzt bedeutet \u2013 eine Ermutigung eine Aufforderung zum bewussten Leben: \u201eSeid wachsam! [\u2026] Haltet euch bereit!\u201c (Mt 24,42.44).<br \/>Wenn heute der letzte Tag w\u00e4re\u2026<br \/>Was w\u00fcrde ich tun? Was h\u00e4tte jetzt oberste Priorit\u00e4t?<br \/>Was w\u00fcrde ich \u00e4ndern in meinem Leben, an meinem Lebensstil?<br \/>Was w\u00e4re mir wirklich wichtig, um durch mein Tun am letzten Tag eine gute Zukunft vorzubereiten und im Jetzt zu gestalten?<br \/>Was hindert mich noch daran, mit anderen Menschen Lebenswege und Glaubenswege zu teilen?<br \/>Was hindert mich noch daran, aus meinen \u201eSchwertern und Lanzen\u201c endlich \u201eWinzermesser und Pflugscharen\u201c zu machen?<br \/>Advent \u2013 mit allen Sinnen. \u201eSeid wachsam! [\u2026] Haltet euch bereit!\u201c (Mt 24,42.44). Schaut genau hin! H\u00f6rt die entscheidenden Worte heraus aus dem Get\u00f6se und Gedudel! Vorbereitung hei\u00dft nicht \u201eviel machen\u201c, sondern sich selbst vorzubereiten und zur Ruhe zu kommen und so einen Weg zu Gott zu finden. Adventure \u2013 das englische Wort f\u00fcr Abenteuer \u2013 ist klanglich verwandt mit dem Advent. Wagen wir den Weg in das Abenteuer Advent: \u201eAuf, wir wollen gehen im Licht des HERRN.\u201c (Jes 2,5). AMEN.<\/p>\n","protected":false},"excerpt":{"rendered":"<p>Jes 2,1-5 + Mt 24,29-44 (LF) Liebe Schwestern und Br\u00fcder, liebe Kinder, liebe Jugendliche!Heute mit dem ersten Advent beginnt ein neues Kirchenjahr und auch eine Predigtreihe: Advent \u2013 mit allen Sinnen. Was nehme ich wahr mit meinen Sinnen in diesem Advent, in dieser Vorbereitungszeit auf Weihnachten? Es duftet nach Pl\u00e4tzchen und Stollen, viele haben schon [&hellip;]<\/p>\n","protected":false},"author":1,"featured_media":1146,"comment_status":"closed","ping_status":"closed","sticky":false,"template":"","format":"standard","meta":{"footnotes":""},"categories":[34,32],"tags":[],"class_list":["post-3196","post","type-post","status-publish","format-standard","has-post-thumbnail","hentry","category-34","category-evangelium-predigten"],"_links":{"self":[{"href":"https:\/\/www.st-franziskus-schwarzenbach-saale.de\/index.php?rest_route=\/wp\/v2\/posts\/3196","targetHints":{"allow":["GET"]}}],"collection":[{"href":"https:\/\/www.st-franziskus-schwarzenbach-saale.de\/index.php?rest_route=\/wp\/v2\/posts"}],"about":[{"href":"https:\/\/www.st-franziskus-schwarzenbach-saale.de\/index.php?rest_route=\/wp\/v2\/types\/post"}],"author":[{"embeddable":true,"href":"https:\/\/www.st-franziskus-schwarzenbach-saale.de\/index.php?rest_route=\/wp\/v2\/users\/1"}],"replies":[{"embeddable":true,"href":"https:\/\/www.st-franziskus-schwarzenbach-saale.de\/index.php?rest_route=%2Fwp%2Fv2%2Fcomments&post=3196"}],"version-history":[{"count":1,"href":"https:\/\/www.st-franziskus-schwarzenbach-saale.de\/index.php?rest_route=\/wp\/v2\/posts\/3196\/revisions"}],"predecessor-version":[{"id":3197,"href":"https:\/\/www.st-franziskus-schwarzenbach-saale.de\/index.php?rest_route=\/wp\/v2\/posts\/3196\/revisions\/3197"}],"wp:featuredmedia":[{"embeddable":true,"href":"https:\/\/www.st-franziskus-schwarzenbach-saale.de\/index.php?rest_route=\/wp\/v2\/media\/1146"}],"wp:attachment":[{"href":"https:\/\/www.st-franziskus-schwarzenbach-saale.de\/index.php?rest_route=%2Fwp%2Fv2%2Fmedia&parent=3196"}],"wp:term":[{"taxonomy":"category","embeddable":true,"href":"https:\/\/www.st-franziskus-schwarzenbach-saale.de\/index.php?rest_route=%2Fwp%2Fv2%2Fcategories&post=3196"},{"taxonomy":"post_tag","embeddable":true,"href":"https:\/\/www.st-franziskus-schwarzenbach-saale.de\/index.php?rest_route=%2Fwp%2Fv2%2Ftags&post=3196"}],"curies":[{"name":"wp","href":"https:\/\/api.w.org\/{rel}","templated":true}]}}